{"id":1,"date":"2020-03-09T18:52:30","date_gmt":"2020-03-09T17:52:30","guid":{"rendered":"http:\/\/www.larr-abesk.fr\/?p=1"},"modified":"2021-01-12T11:02:40","modified_gmt":"2021-01-12T10:02:40","slug":"bonjour-tout-le-monde","status":"publish","type":"post","link":"http:\/\/www.larr-abesk.fr\/?p=1","title":{"rendered":"Bienvenue dans le r\u00eave"},"content":{"rendered":"\n<p>\n       <strong>PRESENTATION<\/strong><\/p>\n\n\n\n<p>Je pratique ce que l&rsquo;on appelle \u00ab\u00a0Art brut\u00a0\u00bb, amatrice d&rsquo;art et artiste amateur. Autodidacte, j&rsquo;ai appris le dessin seule, ainsi que la peinture, en observant.  <\/p>\n\n\n\n<p>Ayant\nune exp\u00e9rience corporelle allant de la relaxation, le Qi gong, la\ndanse, je suis int\u00e9ress\u00e9e par le mouvement et la fluidit\u00e9. Tout\nnaturellement, je recherche aussi cela par ma pratique du dessin ou\nde la peinture. J&rsquo;essaie de retranscrire sur la toile l&rsquo;instant\u00e9, le\nmoment pr\u00e9sent tout en recherchant la fluidit\u00e9. \n<\/p>\n\n\n\n<p>Le\nl\u00e2cher-prise et l&rsquo;instinctif sont mes objectifs. Comme une\nimprovisation, je ne sais pas o\u00f9 je vais lorsque je commence. Le\nchemin que j&#8217;emprunte est toujours une surprise. J&rsquo;aime fl\u00e2ner dans\nles m\u00e9andres de la peinture et de la cr\u00e9ativit\u00e9. C&rsquo;est pourquoi\nj&rsquo;aime la libert\u00e9 de l&rsquo;abstrait. Les toiles, m\u00eame si elles sont\nabstraites m&rsquo;inspirent une certaine r\u00e9alit\u00e9 et c&rsquo;est pour cette\nraison que je leur donne un nom. \n<\/p>\n\n\n\n<p>Les mandala, sur toile, sont aussi une surprise dans le sens o\u00f9 je choisis les couleurs sur le moment. Seul le support g\u00e9om\u00e9trique est minutieusement pr\u00e9par\u00e9. Mais en peignant le mandala, la m\u00e9ditation commence. Le voyage est l\u00e0 sur fond sonore de Mantra. <\/p>\n\n\n\n<p>Je terminerais ma pr\u00e9sentation par une citation de Martha Graham, danseuse et chor\u00e9graphe, qui m&rsquo;a beaucoup inspir\u00e9e et permis d&rsquo;atteindre la crois\u00e9e des chemins avec moi-m\u00eame mais aussi avec vous.<\/p>\n\n\n\n<blockquote class=\"wp-block-quote\"><p><em>\u00ab&nbsp;Chacun est le berceau d&rsquo;une cr\u00e9ativit\u00e9 unique qui \u00e0 d\u00e9faut de s&rsquo;exprimer meurt \u00e0 tout jamais.&nbsp;\u00bb<\/em> <\/p><cite>Martha Graham<\/cite><\/blockquote>\n\n\n\n<p class=\"has-text-align-right\">Viviane\nSestier<\/p>\n","protected":false},"excerpt":{"rendered":"<p>PRESENTATION Je pratique ce que l&rsquo;on appelle \u00ab\u00a0Art brut\u00a0\u00bb, amatrice d&rsquo;art et artiste amateur. Autodidacte, j&rsquo;ai appris le dessin seule, [&hellip;]<\/p>\n","protected":false},"author":1,"featured_media":15,"comment_status":"open","ping_status":"open","sticky":false,"template":"","format":"standard","meta":[],"categories":[1],"tags":[],"_links":{"self":[{"href":"http:\/\/www.larr-abesk.fr\/index.php?rest_route=\/wp\/v2\/posts\/1"}],"collection":[{"href":"http:\/\/www.larr-abesk.fr\/index.php?rest_route=\/wp\/v2\/posts"}],"about":[{"href":"http:\/\/www.larr-abesk.fr\/index.php?rest_route=\/wp\/v2\/types\/post"}],"author":[{"embeddable":true,"href":"http:\/\/www.larr-abesk.fr\/index.php?rest_route=\/wp\/v2\/users\/1"}],"replies":[{"embeddable":true,"href":"http:\/\/www.larr-abesk.fr\/index.php?rest_route=%2Fwp%2Fv2%2Fcomments&post=1"}],"version-history":[{"count":7,"href":"http:\/\/www.larr-abesk.fr\/index.php?rest_route=\/wp\/v2\/posts\/1\/revisions"}],"predecessor-version":[{"id":347,"href":"http:\/\/www.larr-abesk.fr\/index.php?rest_route=\/wp\/v2\/posts\/1\/revisions\/347"}],"wp:featuredmedia":[{"embeddable":true,"href":"http:\/\/www.larr-abesk.fr\/index.php?rest_route=\/wp\/v2\/media\/15"}],"wp:attachment":[{"href":"http:\/\/www.larr-abesk.fr\/index.php?rest_route=%2Fwp%2Fv2%2Fmedia&parent=1"}],"wp:term":[{"taxonomy":"category","embeddable":true,"href":"http:\/\/www.larr-abesk.fr\/index.php?rest_route=%2Fwp%2Fv2%2Fcategories&post=1"},{"taxonomy":"post_tag","embeddable":true,"href":"http:\/\/www.larr-abesk.fr\/index.php?rest_route=%2Fwp%2Fv2%2Ftags&post=1"}],"curies":[{"name":"wp","href":"https:\/\/api.w.org\/{rel}","templated":true}]}}